{"id":545,"date":"2025-12-15T22:07:37","date_gmt":"2025-12-15T22:07:37","guid":{"rendered":"https:\/\/caravanpro.eu\/blog\/?p=545"},"modified":"2025-12-15T22:08:57","modified_gmt":"2025-12-15T22:08:57","slug":"recordando-2025-un-verano-que-nos-llevo-lejos-y-a-muchos-lugares","status":"publish","type":"post","link":"https:\/\/es.caravanpro.eu\/blog\/recordando-2025-un-verano-que-nos-llevo-lejos-y-a-muchos-lugares\/","title":{"rendered":"Recordando 2025: un verano que nos llev\u00f3 lejos y a muchos lugares"},"content":{"rendered":"\n<p>Al mirar atr\u00e1s al a\u00f1o 2025, es justo decir que fue un a\u00f1o que muchos propietarios de caravanas, autocaravanas y furgonetas camper no olvidar\u00e1n f\u00e1cilmente.<\/p>\n\n\n\n<figure class=\"wp-block-image size-large\"><img loading=\"lazy\" decoding=\"async\" width=\"1024\" height=\"559\" src=\"https:\/\/caravanpro.eu\/blog\/wp-content\/uploads\/2025\/12\/looking-back-on-2025-1024x559.jpg\" alt=\"\" class=\"wp-image-520\" srcset=\"https:\/\/es.caravanpro.eu\/blog\/wp-content\/uploads\/2025\/12\/looking-back-on-2025-1024x559.jpg 1024w, https:\/\/es.caravanpro.eu\/blog\/wp-content\/uploads\/2025\/12\/looking-back-on-2025-300x164.jpg 300w, https:\/\/es.caravanpro.eu\/blog\/wp-content\/uploads\/2025\/12\/looking-back-on-2025-768x419.jpg 768w, https:\/\/es.caravanpro.eu\/blog\/wp-content\/uploads\/2025\/12\/looking-back-on-2025-1536x839.jpg 1536w, https:\/\/es.caravanpro.eu\/blog\/wp-content\/uploads\/2025\/12\/looking-back-on-2025-1000x546.jpg 1000w, https:\/\/es.caravanpro.eu\/blog\/wp-content\/uploads\/2025\/12\/looking-back-on-2025-230x126.jpg 230w, https:\/\/es.caravanpro.eu\/blog\/wp-content\/uploads\/2025\/12\/looking-back-on-2025-350x191.jpg 350w, https:\/\/es.caravanpro.eu\/blog\/wp-content\/uploads\/2025\/12\/looking-back-on-2025-480x262.jpg 480w, https:\/\/es.caravanpro.eu\/blog\/wp-content\/uploads\/2025\/12\/looking-back-on-2025.jpg 1685w\" sizes=\"(max-width: 1024px) 100vw, 1024px\" \/><\/figure>\n\n\n\n<p>Si viaj\u00f3 este verano, lo m\u00e1s probable es que el clima haya jugado un papel importante en sus planes, a veces de maneras que esperaba y a veces de manera muy diferente.<\/p>\n\n\n\n<h4 class=\"wp-block-heading\" id=\"A_Summer_That_Turned_Up_the_Heat\">Un verano que subi\u00f3 la temperatura<\/h4>\n\n\n\n<p>En toda Europa, el verano de 2025 trajo consigo condiciones extraordinarias. Junio lleg\u00f3 con un calor r\u00e9cord en algunas partes de Europa Occidental. Las temperaturas superaron con creces lo acostumbrado, con sensaciones t\u00e9rmicas que superaron los 38 \u00b0C y, en lugares como Portugal, rozaron los 48 \u00b0C.<\/p>\n\n\n\n<p>Para algunos, simplemente hac\u00eda demasiado calor. Los campings tuvieron dificultades, los planes cambiaron y algunos viajeros decidieron que era hora de irse antes de lo previsto.<\/p>\n\n\n\n<p>\u00bfPara otros? Era justo lo que esperaban.<\/p>\n\n\n\n<p>Julio continu\u00f3 de forma similar, especialmente en el sur de Europa. Italia y Grecia registraron temperaturas que superaron los 4 \u00b0C, y los d\u00edas largos y soleados se convirtieron en la norma. Algunos se quedaron en casa, adapt\u00e1ndose al ritmo de madrugadas, largas siestas y tardes al aire libre una vez que el calor amain\u00f3.<\/p>\n\n\n\n<p>Luego agosto sorprendi\u00f3 a muchos de nosotros.<\/p>\n\n\n\n<p>A medida que las temperaturas bajaban en el sur, el calor se desplazaba hacia el norte. Algunas zonas de Noruega, Suecia y Finlandia experimentaron una intensa ola de calor de dos semanas, con temperaturas superiores a los 30 \u00b0C que se prolongaron mucho m\u00e1s de lo habitual. Para quienes se dirigieron al norte en busca de aire m\u00e1s fresco, fue un recordatorio de que incluso los planes mejor trazados pueden cambiar.<\/p>\n\n\n\n<h4 class=\"wp-block-heading\" id=\"Did_the_Weather_Change_Your_Plans?\">\u00bfEl clima cambi\u00f3 tus planes?<\/h4>\n\n\n\n<p>Para muchos viajeros, el clima de verano influy\u00f3 en sus decisiones en tiempo real.<\/p>\n\n\n\n<p>Acaso t\u00fa:<\/p>\n\n\n\n<ul class=\"wp-block-list\">\n<li><strong><em>\u00bfPermanecer m\u00e1s tiempo al sol porque las condiciones parec\u00edan perfectas?<\/em><\/strong><\/li>\n\n\n\n<li><strong><em>\u00bfAvanzar antes de lo previsto porque el calor se volvi\u00f3 demasiado intenso?<\/em><\/strong><\/li>\n\n\n\n<li>\u00bfQuieres ir al norte o hacia la costa en busca de noches m\u00e1s frescas?<\/li>\n\n\n\n<li>\u00bfO adaptar tu rutina: viajar temprano, descansar durante las horas m\u00e1s calurosas y disfrutar de las noches al aire libre?<\/li>\n<\/ul>\n\n\n\n<p>No hab\u00eda una \u00fanica manera de viajar este verano y eso fue parte de lo que lo hizo memorable.<\/p>\n\n\n\n<p>\u00bfAd\u00f3nde te llev\u00f3 el 2025?<\/p>\n\n\n\n<p>Mirando hacia atr\u00e1s ahora, m\u00e1s all\u00e1 de las temperaturas y los destinos, a menudo son los peque\u00f1os momentos los que m\u00e1s destacan. Un camping tranquilo despu\u00e9s de un d\u00eda largo y caluroso. Un cambio de ruta inesperado. Un lugar donde no planeabas parar, pero te quedaste m\u00e1s tiempo del esperado.<\/p>\n\n\n\n<p>Nos encantar\u00eda saber:<\/p>\n\n\n\n<p><strong><em>\u00bfQu\u00e9 hiciste este verano?<\/em><\/strong><\/p>\n\n\n\n<p><strong><em>\u00bfEl calor cambi\u00f3 tus planes o hizo que el viaje fuera a\u00fan mejor?<\/em><\/strong><\/p>\n\n\n\n<p>Comparte tu historia con nosotros y ay\u00fadanos a capturar c\u00f3mo fue realmente viajar en 2025.<\/p>\n","protected":false},"excerpt":{"rendered":"<p>Al mirar atr\u00e1s al a\u00f1o 2025, es justo decir que fue un a\u00f1o que muchos propietarios de caravanas, autocaravanas y furgonetas camper [&hellip;]<\/p>\n","protected":false},"author":1,"featured_media":520,"comment_status":"closed","ping_status":"open","sticky":false,"template":"","format":"standard","meta":{"_siteseo_robots_primary_cat":"none","_themeisle_gutenberg_block_has_review":false,"footnotes":""},"categories":[178,101,139,161],"tags":[],"class_list":["post-545","post","type-post","status-publish","format-standard","has-post-thumbnail","hentry","category-autocaravanas","category-caravanas","category-furgonetas-camper","category-viajes"],"_links":{"self":[{"href":"https:\/\/es.caravanpro.eu\/blog\/wp-json\/wp\/v2\/posts\/545"}],"collection":[{"href":"https:\/\/es.caravanpro.eu\/blog\/wp-json\/wp\/v2\/posts"}],"about":[{"href":"https:\/\/es.caravanpro.eu\/blog\/wp-json\/wp\/v2\/types\/post"}],"author":[{"embeddable":true,"href":"https:\/\/es.caravanpro.eu\/blog\/wp-json\/wp\/v2\/users\/1"}],"replies":[{"embeddable":true,"href":"https:\/\/es.caravanpro.eu\/blog\/wp-json\/wp\/v2\/comments?post=545"}],"version-history":[{"count":3,"href":"https:\/\/es.caravanpro.eu\/blog\/wp-json\/wp\/v2\/posts\/545\/revisions"}],"predecessor-version":[{"id":551,"href":"https:\/\/es.caravanpro.eu\/blog\/wp-json\/wp\/v2\/posts\/545\/revisions\/551"}],"wp:featuredmedia":[{"embeddable":true,"href":"https:\/\/es.caravanpro.eu\/blog\/wp-json\/wp\/v2\/media\/520"}],"wp:attachment":[{"href":"https:\/\/es.caravanpro.eu\/blog\/wp-json\/wp\/v2\/media?parent=545"}],"wp:term":[{"taxonomy":"category","embeddable":true,"href":"https:\/\/es.caravanpro.eu\/blog\/wp-json\/wp\/v2\/categories?post=545"},{"taxonomy":"post_tag","embeddable":true,"href":"https:\/\/es.caravanpro.eu\/blog\/wp-json\/wp\/v2\/tags?post=545"}],"curies":[{"name":"wp","href":"https:\/\/api.w.org\/{rel}","templated":true}]}}