{"id":407,"date":"2025-09-11T18:15:36","date_gmt":"2025-09-11T18:15:36","guid":{"rendered":"https:\/\/caravanpro.eu\/blog\/?p=407"},"modified":"2025-09-11T18:15:37","modified_gmt":"2025-09-11T18:15:37","slug":"por-que-creamos-caravanpro-una-nueva-forma-de-comprar-y-vender-caravanas-y-autocaravanas","status":"publish","type":"post","link":"https:\/\/es.caravanpro.eu\/blog\/por-que-creamos-caravanpro-una-nueva-forma-de-comprar-y-vender-caravanas-y-autocaravanas\/","title":{"rendered":"Por qu\u00e9 creamos CaravanPro: una nueva forma de comprar y vender caravanas y autocaravanas"},"content":{"rendered":"\n<figure class=\"wp-block-image size-large\"><img loading=\"lazy\" decoding=\"async\" width=\"1024\" height=\"559\" src=\"https:\/\/caravanpro.eu\/blog\/wp-content\/uploads\/2025\/09\/why-we-created-caravanpro-1024x559.jpg\" alt=\"\" class=\"wp-image-383\" srcset=\"https:\/\/es.caravanpro.eu\/blog\/wp-content\/uploads\/2025\/09\/why-we-created-caravanpro-1024x559.jpg 1024w, https:\/\/es.caravanpro.eu\/blog\/wp-content\/uploads\/2025\/09\/why-we-created-caravanpro-300x164.jpg 300w, https:\/\/es.caravanpro.eu\/blog\/wp-content\/uploads\/2025\/09\/why-we-created-caravanpro-768x420.jpg 768w, https:\/\/es.caravanpro.eu\/blog\/wp-content\/uploads\/2025\/09\/why-we-created-caravanpro-1000x546.jpg 1000w, https:\/\/es.caravanpro.eu\/blog\/wp-content\/uploads\/2025\/09\/why-we-created-caravanpro-230x126.jpg 230w, https:\/\/es.caravanpro.eu\/blog\/wp-content\/uploads\/2025\/09\/why-we-created-caravanpro-350x191.jpg 350w, https:\/\/es.caravanpro.eu\/blog\/wp-content\/uploads\/2025\/09\/why-we-created-caravanpro-480x262.jpg 480w, https:\/\/es.caravanpro.eu\/blog\/wp-content\/uploads\/2025\/09\/why-we-created-caravanpro.jpg 1536w\" sizes=\"(max-width: 1024px) 100vw, 1024px\" \/><\/figure>\n\n\n\n<h3 class=\"wp-block-heading\">Una nueva idea para una pasi\u00f3n familiar<\/h3>\n\n\n\n<p>Las caravanas y autocaravanas han formado parte de la vida en toda Europa desde hace mucho tiempo, desde vacaciones familiares en la playa hasta aventureros viajes por carretera a trav\u00e9s de las fronteras. Pero a la hora de comprarlas y venderlas online, muchas personas se enfrentan a las mismas frustraciones: tarifas elevadas, visibilidad limitada y plataformas que no comprenden del todo la comunidad de veh\u00edculos de ocio.<\/p>\n\n\n\n<p>Ah\u00ed es donde entra en juego CaravanPro.<\/p>\n\n\n\n<h3 class=\"wp-block-heading\">El problema que vimos<\/h3>\n\n\n\n<p>A lo largo de los a\u00f1os, hemos hablado con innumerables propietarios y distribuidores de caravanas. Las mismas quejas surgieron una y otra vez:<\/p>\n\n\n\n<ul class=\"wp-block-list\">\n<li><strong>Listados costosos<\/strong>: los listados pueden costar 30 o 40 o, a veces, m\u00e1s por un solo anuncio.<\/li>\n\n\n\n<li><strong>Extras ocultos<\/strong>: mejoras para fotos, listados m\u00e1s largos o lugares \u201cdestacados\u201d.<\/li>\n\n\n\n<li><strong>Alcance local \u00fanicamente<\/strong>: caravanas anunciadas a un p\u00fablico limitado, sin llegar a los compradores que desean viajar.<\/li>\n\n\n\n<li><strong>Cargas que consumen mucho tiempo<\/strong>: completar formularios interminables antes de que se publique un anuncio.<\/li>\n<\/ul>\n\n\n\n<p>Qued\u00f3 claro que se necesitaba una soluci\u00f3n mejor.<\/p>\n\n\n\n<h3 class=\"wp-block-heading\">Nuestra visi\u00f3n<\/h3>\n\n\n\n<p>Construimos CaravanPro para que sea:<\/p>\n\n\n\n<div class=\"wp-block-media-text is-stacked-on-mobile\" style=\"grid-template-columns:49% auto\"><figura> <img loading=\"lazy\" decoding=\"async\" width=\"1024\" height=\"576\" src=\"https:\/\/caravanpro.eu\/blog\/wp-content\/uploads\/2025\/09\/iStock-2190480623-1024x576.jpg\" alt=\"wp-image-385 tama\u00f1o completo\" srcset=\"https:\/\/es.caravanpro.eu\/blog\/wp-content\/uploads\/2025\/09\/iStock-2190480623-1024x576.jpg 1024w, https:\/\/es.caravanpro.eu\/blog\/wp-content\/uploads\/2025\/09\/iStock-2190480623-300x169.jpg 300w, https:\/\/es.caravanpro.eu\/blog\/wp-content\/uploads\/2025\/09\/iStock-2190480623-768x432.jpg 768w, https:\/\/es.caravanpro.eu\/blog\/wp-content\/uploads\/2025\/09\/iStock-2190480623-1000x563.jpg 1000w, https:\/\/es.caravanpro.eu\/blog\/wp-content\/uploads\/2025\/09\/iStock-2190480623-230x129.jpg 230w, https:\/\/es.caravanpro.eu\/blog\/wp-content\/uploads\/2025\/09\/iStock-2190480623-350x197.jpg 350w, https:\/\/es.caravanpro.eu\/blog\/wp-content\/uploads\/2025\/09\/iStock-2190480623-480x270.jpg 480w, https:\/\/es.caravanpro.eu\/blog\/wp-content\/uploads\/2025\/09\/iStock-2190480623.jpg 1365w\" sizes=\"(max-width: 1024px) 100vw, 1024px\" \/><\/figura> <div class=\"wp-block-media-text__content\">\n\n<ul class=\"wp-block-list\">\n\n<li><strong>Simple<\/strong>: publicar su caravana le llevar\u00e1 minutos, no horas.<\/li>\n\n\r\n\r\n\r\n\r\n\n<li><strong>Asequible<\/strong> \u2013 Precios razonables.<\/li>\n\n\r\n\r\n\r\n\r\n\n<li><strong>Visible<\/strong>: llega a compradores en Francia, Alemania, Espa\u00f1a, B\u00e9lgica, Estonia, Reino Unido, Irlanda, Pa\u00edses Bajos y m\u00e1s all\u00e1.<\/li>\n\n\r\n\r\n\r\n\r\n\n<li><strong>Inclusivo<\/strong>: dise\u00f1ado tanto para vendedores privados como para concesionarios profesionales.<\/li>\n\n<\/ul>\n\n<\/div><\/div>\n\n\n\n<h3 class=\"wp-block-heading\">Un trato justo para vendedores y compradores<\/h3>\n\n\n\n<p>Creemos que vender tu caravana no deber\u00eda costar m\u00e1s que un caf\u00e9 y un trozo de pastel. Y los compradores no deber\u00edan tener que filtrar anuncios irrelevantes para encontrar lo que buscan. CaravanPro ofrece una mejor experiencia para ambas partes: anuncios directos, informaci\u00f3n clara y una audiencia europea.<\/p>\n\n\n\n<h3 class=\"wp-block-heading\">\u00bfPor qu\u00e9 lanzar ahora?<\/h3>\n\n\n\n<p>El caravaning est\u00e1 en auge. Cada vez m\u00e1s familias, parejas y aventureros eligen caravanas y autocaravanas como medio de transporte. Al mismo tiempo, los vendedores buscan alternativas a las plataformas saturadas y caras. Pensamos que era el momento perfecto para lanzar CaravanPro y ofrecer a la comunidad algo mejor.<\/p>\n\n\n\n<h3 class=\"wp-block-heading\">Nuestra oferta de lanzamiento<\/h3>\n\n\n\n<p>Para celebrar nuestro lanzamiento, <strong>los listings cuestan solo 3 \u20ac durante todo septiembre<\/strong>.<\/p>\n\n\n\n<figure class=\"wp-block-pullquote\"><blockquote><p>Mejor a\u00fan, usa el c\u00f3digo <strong>FREESEPT<\/strong> y tu primer anuncio no te costar\u00e1 nada.<\/p><\/blockquote><\/figure>\n\n\n\n<p>Es nuestra forma de invitarte a probar CaravanPro sin riesgos.<\/p>\n\n\n\n<h3 class=\"wp-block-heading\">\u00danase a la comunidad CaravanPro<\/h3>\n\n\n\n<p>CaravanPro no es solo una plataforma de venta. Est\u00e1 dise\u00f1ado para convertirse en un centro para los entusiastas de las caravanas y autocaravanas, con consejos, gu\u00edas y recursos para facilitar la compra.<\/p>\n\n\n\n<p>Nos encantar\u00eda que fueras parte de ello.<\/p>\n\n\n\n<blockquote class=\"wp-block-quote is-style-plain is-layout-flow wp-block-quote-is-layout-flow\">\n<p class=\"has-text-align-center has-vivid-cyan-blue-color has-text-color has-link-color wp-elements-075a20101581bcad92ee626303864ff2\"><span class=\"wp-rich-text-font-awesome-icon wp-font-awesome-icon\"><svg aria-hidden=\"true\" focusable=\"false\" data-prefix=\"fas\" data-icon=\"arrow-right\" class=\"svg-inline--fa fa-arrow-right \" role=\"img\" xmlns=\"http:\/\/www.w3.org\/2000\/svg\" viewBox=\"0 0 512 512\"><path fill=\"currentColor\" d=\"M502.6 278.6c12.5-12.5 12.5-32.8 0-45.3l-160-160c-12.5-12.5-32.8-12.5-45.3 0s-12.5 32.8 0 45.3L402.7 224 32 224c-17.7 0-32 14.3-32 32s14.3 32 32 32l370.7 0-105.4 105.4c-12.5 12.5-12.5 32.8 0 45.3s32.8 12.5 45.3 0l160-160z\"><\/path><\/svg><\/span> <a href=\"https:\/\/caravanpro.eu\/signup-plans\" data-type=\"link\" data-id=\"https:\/\/caravanpro.eu\/signup-plans\">Anuncie su caravana hoy mismo y descubra lo f\u00e1cil que puede ser.<\/a><\/p>\n<\/blockquote>\n","protected":false},"excerpt":{"rendered":"<p>Una nueva idea para una pasi\u00f3n familiar Las caravanas y autocaravanas han formado parte de la vida en toda Europa desde hace [&hellip;]<\/p>\n","protected":false},"author":1,"featured_media":383,"comment_status":"closed","ping_status":"open","sticky":false,"template":"","format":"standard","meta":{"_siteseo_robots_primary_cat":"none","_themeisle_gutenberg_block_has_review":false,"footnotes":""},"categories":[178,101,151],"tags":[],"class_list":["post-407","post","type-post","status-publish","format-standard","has-post-thumbnail","hentry","category-autocaravanas","category-caravanas","category-caravanpro-es"],"_links":{"self":[{"href":"https:\/\/es.caravanpro.eu\/blog\/wp-json\/wp\/v2\/posts\/407"}],"collection":[{"href":"https:\/\/es.caravanpro.eu\/blog\/wp-json\/wp\/v2\/posts"}],"about":[{"href":"https:\/\/es.caravanpro.eu\/blog\/wp-json\/wp\/v2\/types\/post"}],"author":[{"embeddable":true,"href":"https:\/\/es.caravanpro.eu\/blog\/wp-json\/wp\/v2\/users\/1"}],"replies":[{"embeddable":true,"href":"https:\/\/es.caravanpro.eu\/blog\/wp-json\/wp\/v2\/comments?post=407"}],"version-history":[{"count":2,"href":"https:\/\/es.caravanpro.eu\/blog\/wp-json\/wp\/v2\/posts\/407\/revisions"}],"predecessor-version":[{"id":426,"href":"https:\/\/es.caravanpro.eu\/blog\/wp-json\/wp\/v2\/posts\/407\/revisions\/426"}],"wp:featuredmedia":[{"embeddable":true,"href":"https:\/\/es.caravanpro.eu\/blog\/wp-json\/wp\/v2\/media\/383"}],"wp:attachment":[{"href":"https:\/\/es.caravanpro.eu\/blog\/wp-json\/wp\/v2\/media?parent=407"}],"wp:term":[{"taxonomy":"category","embeddable":true,"href":"https:\/\/es.caravanpro.eu\/blog\/wp-json\/wp\/v2\/categories?post=407"},{"taxonomy":"post_tag","embeddable":true,"href":"https:\/\/es.caravanpro.eu\/blog\/wp-json\/wp\/v2\/tags?post=407"}],"curies":[{"name":"wp","href":"https:\/\/api.w.org\/{rel}","templated":true}]}}