{"id":229,"date":"2025-05-22T15:12:09","date_gmt":"2025-05-22T15:12:09","guid":{"rendered":"https:\/\/caravanpro.eu\/blog\/?p=229"},"modified":"2025-08-03T08:16:05","modified_gmt":"2025-08-03T08:16:05","slug":"estamos-en-linea-bienvenido-a-caravanpro","status":"publish","type":"post","link":"https:\/\/es.caravanpro.eu\/blog\/estamos-en-linea-bienvenido-a-caravanpro\/","title":{"rendered":"\u00a1ESTAMOS EN L\u00cdNEA! BIENVENIDO A CARAVANPRO"},"content":{"rendered":"\n<div class=\"wp-block-cover is-light has-custom-content-position is-position-top-center has-white-color has-text-color has-link-color wp-elements-264ef81381e86034b31d2b5d46218548\" style=\"min-height:529px;aspect-ratio:unset;\"><span aria-hidden=\"true\" class=\"wp-block-cover__background has-background-dim-0 has-background-dim\"><\/span><img loading=\"lazy\" decoding=\"async\" width=\"1024\" height=\"683\" class=\"wp-block-cover__image-background wp-image-211\" alt=\"CaravanPro Announces Launch of Website for advertising caravans and motorhomes for individuals and businesses. Users Access CaravanPro website on mobile phones and Tablets. Motorhomes and Caravans are in the background with orange sunset.\" src=\"https:\/\/caravanpro.eu\/blog\/wp-content\/uploads\/2025\/05\/CaravanPro-Launch-1024x683.jpg\" style=\"object-position:70% 60%\" data-object-fit=\"cover\" data-object-position=\"70% 60%\" srcset=\"https:\/\/es.caravanpro.eu\/blog\/wp-content\/uploads\/2025\/05\/CaravanPro-Launch-1024x683.jpg 1024w, https:\/\/es.caravanpro.eu\/blog\/wp-content\/uploads\/2025\/05\/CaravanPro-Launch-300x200.jpg 300w, https:\/\/es.caravanpro.eu\/blog\/wp-content\/uploads\/2025\/05\/CaravanPro-Launch-768x512.jpg 768w, https:\/\/es.caravanpro.eu\/blog\/wp-content\/uploads\/2025\/05\/CaravanPro-Launch-1200x800.jpg 1200w, https:\/\/es.caravanpro.eu\/blog\/wp-content\/uploads\/2025\/05\/CaravanPro-Launch-1000x667.jpg 1000w, https:\/\/es.caravanpro.eu\/blog\/wp-content\/uploads\/2025\/05\/CaravanPro-Launch-230x153.jpg 230w, https:\/\/es.caravanpro.eu\/blog\/wp-content\/uploads\/2025\/05\/CaravanPro-Launch-350x233.jpg 350w, https:\/\/es.caravanpro.eu\/blog\/wp-content\/uploads\/2025\/05\/CaravanPro-Launch-480x320.jpg 480w, https:\/\/es.caravanpro.eu\/blog\/wp-content\/uploads\/2025\/05\/CaravanPro-Launch.jpg 1536w\" sizes=\"(max-width: 1024px) 100vw, 1024px\" \/><div class=\"wp-block-cover__inner-container is-layout-flow wp-block-cover-is-layout-flow\">\n<p class=\"has-text-align-center has-large-font-size\"><strong>\u00a1ESTAMOS EN L\u00cdNEA! BIENVENIDO A<\/strong><\/p>\n\n\n\n<p class=\"has-text-align-center has-large-font-size\"><strong>CARAVANPRO<\/strong><\/p>\n<\/div><\/div>\n\n\n\n<p>Estamos encantados de decirlo: \u00a1<strong>CaravanPro se ha lanzado oficialmente<\/strong>!<\/p>\n\n\n\n<p>Tanto si eres un viajero de toda la vida, un aventurero de fin de semana o si acabas de empezar a so\u00f1ar con tu primera furgoneta, <strong>has encontrado tu nuevo hogar para todo lo relacionado con caravanas y autocaravanas<\/strong>.<\/p>\n\n\n\n<p>CaravanPro naci\u00f3 con una idea sencilla: facilitar a las personas de toda Europa la conexi\u00f3n, publicaci\u00f3n, b\u00fasqueda y exploraci\u00f3n del mundo de los veh\u00edculos de ocio. Desde modernas furgonetas camper hasta cl\u00e1sicas caravanas, estamos aqu\u00ed para reunir a compradores, vendedores y entusiastas en un solo lugar f\u00e1cil de usar.<\/p>\n\n\n\n<p><strong>\u00bfQu\u00e9 puedes hacer en CaravanPro?<\/strong><\/p>\n\n\n\n<ul class=\"wp-block-list\">\n<li>Explorar una selecci\u00f3n cada vez mayor de caravanas y autocaravanas en venta por toda Europa<\/li>\n\n\n\n<li>Crear tu propio anuncio gratuito (<strong>ofrecemos una promoci\u00f3n especial de 3 meses gratis para particulares<\/strong> con motivo del lanzamiento)<\/li>\n\n\n\n<li>Consultar nuestro cat\u00e1logo de fabricantes, en constante crecimiento<\/li>\n\n\n\n<li>Descubrir recursos \u00fatiles y consejos para la vida en la carretera<\/li>\n\n\n\n<li>Elegir el plan adecuado para ti \u2014 desde <strong>cuentas individuales<\/strong> hasta <strong>cuentas Business personalizadas<\/strong>, dise\u00f1adas para concesionarios y profesionales<\/li>\n<\/ul>\n\n\n\n<p><strong>\u00bfTienes un negocio? Tenemos planes flexibles para ti:<\/strong><\/p>\n\n\n\n<ul class=\"wp-block-list\">\n<li><strong>Business Lite<\/strong> \u2013 perfecto para peque\u00f1as empresas de caravanas o autocaravanas que quieren una forma asequible de llegar a m\u00e1s clientes<\/li>\n\n\n\n<li><strong>Business PRO<\/strong> \u2013 ideal para grandes concesionarios y organizaciones que necesitan funciones avanzadas y mayor visibilidad<\/li>\n<\/ul>\n\n\n\n<p>Hemos dise\u00f1ado CaravanPro para que funcione sin problemas en toda Europa \u2014 desde el Reino Unido e Irlanda hasta Francia, Alemania, Espa\u00f1a y m\u00e1s all\u00e1. Y esto es solo el comienzo.<\/p>\n\n\n\n<p>En los pr\u00f3ximos meses, ver\u00e1s nuevas funciones, anuncios recientes y publicaciones \u00fatiles en nuestro blog que te ayudar\u00e1n a sacar el m\u00e1ximo partido de tu experiencia con caravanas o autocaravanas.<\/p>\n\n\n\n<p>Por ahora, echa un vistazo. Crea una cuenta. Publica tu caravana. O simplemente navega por el sitio \u2014 y <strong>no olvides suscribirte a nuestras novedades, funciones y ofertas especiales<\/strong> para estar siempre al d\u00eda.<\/p>\n\n\n\n<p>Gracias por acompa\u00f1arnos desde el principio \u2014 estamos encantados de que formes parte del viaje.<\/p>\n\n\n\n<p><strong>Bienvenido a CaravanPro.<\/strong><\/p>\n","protected":false},"excerpt":{"rendered":"<p>Estamos encantados de decirlo: \u00a1CaravanPro se ha lanzado oficialmente! Tanto si eres un viajero de toda la vida, un aventurero de fin [&hellip;]<\/p>\n","protected":false},"author":1,"featured_media":246,"comment_status":"open","ping_status":"open","sticky":false,"template":"","format":"standard","meta":{"_siteseo_robots_primary_cat":"none","_themeisle_gutenberg_block_has_review":false,"footnotes":""},"categories":[32],"tags":[],"class_list":["post-229","post","type-post","status-publish","format-standard","has-post-thumbnail","hentry","category-uncategorized-es"],"_links":{"self":[{"href":"https:\/\/es.caravanpro.eu\/blog\/wp-json\/wp\/v2\/posts\/229"}],"collection":[{"href":"https:\/\/es.caravanpro.eu\/blog\/wp-json\/wp\/v2\/posts"}],"about":[{"href":"https:\/\/es.caravanpro.eu\/blog\/wp-json\/wp\/v2\/types\/post"}],"author":[{"embeddable":true,"href":"https:\/\/es.caravanpro.eu\/blog\/wp-json\/wp\/v2\/users\/1"}],"replies":[{"embeddable":true,"href":"https:\/\/es.caravanpro.eu\/blog\/wp-json\/wp\/v2\/comments?post=229"}],"version-history":[{"count":2,"href":"https:\/\/es.caravanpro.eu\/blog\/wp-json\/wp\/v2\/posts\/229\/revisions"}],"predecessor-version":[{"id":253,"href":"https:\/\/es.caravanpro.eu\/blog\/wp-json\/wp\/v2\/posts\/229\/revisions\/253"}],"wp:featuredmedia":[{"embeddable":true,"href":"https:\/\/es.caravanpro.eu\/blog\/wp-json\/wp\/v2\/media\/246"}],"wp:attachment":[{"href":"https:\/\/es.caravanpro.eu\/blog\/wp-json\/wp\/v2\/media?parent=229"}],"wp:term":[{"taxonomy":"category","embeddable":true,"href":"https:\/\/es.caravanpro.eu\/blog\/wp-json\/wp\/v2\/categories?post=229"},{"taxonomy":"post_tag","embeddable":true,"href":"https:\/\/es.caravanpro.eu\/blog\/wp-json\/wp\/v2\/tags?post=229"}],"curies":[{"name":"wp","href":"https:\/\/api.w.org\/{rel}","templated":true}]}}